{"id":1075,"date":"2025-04-18T14:45:24","date_gmt":"2025-04-18T14:45:24","guid":{"rendered":"https:\/\/new.lantimar.com\/?p=1075"},"modified":"2026-09-02T09:48:14","modified_gmt":"2026-09-02T07:48:14","slug":"el-nuevo-puerto-de-palma","status":"publish","type":"post","link":"https:\/\/www.lantimar.com\/es\/el-nuevo-puerto-de-palma\/","title":{"rendered":"El Nuevo Puerto de Palma"},"content":{"rendered":"<h1 class=\"\" data-start=\"118\" data-end=\"202\"><strong>Un futuro de excelencia n\u00e1utica y desarrollo sostenible<\/strong><\/h1>\n<p class=\"\" data-start=\"204\" data-end=\"586\"><strong data-start=\"204\" data-end=\"268\">Palma de Mallorca est\u00e1 experimentando una gran transformaci\u00f3n <\/strong>urbana con la completa remodelaci\u00f3n de su frente mar\u00edtimo. El <strong data-start=\"324\" data-end=\"355\">Nuevo Paseo Mar\u00edtimo de Palma,<\/strong> que comenz\u00f3 en 2023 y se espera que est\u00e9 terminado a mediados de <strong data-start=\"416\" data-end=\"424\">2026<\/strong>, no se trata solo de reconectar la ciudad con el mar, sino tambi\u00e9n de reforzar el papel del puerto como un hub para la n\u00e1utica, el turismo y las industrias culturales. <\/p>\n<p class=\"\" data-start=\"588\" data-end=\"907\">Este ambicioso plan, liderado por la <strong data-start=\"620\" data-end=\"668\">Autoridad Portuaria de las Islas Baleares (APB)<\/strong>, va mucho m\u00e1s all\u00e1 de un simple lavado de cara urbano. Se trata de una estrategia integral para posicionar a Palma como uno de los puertos m\u00e1s avanzados y sostenibles de Europa, modernizando su infraestructura para satisfacer las necesidades cambiantes de los sectores mar\u00edtimo y tur\u00edstico. <\/p>\n<h2 class=\"\" data-start=\"909\" data-end=\"950\"><strong>\u00bfEn Qu\u00e9 Consiste Esta Transformaci\u00f3n?<\/strong><\/h2>\n<p class=\"\" data-start=\"952\" data-end=\"1008\">La remodelaci\u00f3n se estructura en torno a cuatro pilares clave:<\/p>\n<ol data-start=\"1010\" data-end=\"1852\">\n<li class=\"\" data-start=\"1010\" data-end=\"1233\">\n<p class=\"\" data-start=\"1013\" data-end=\"1233\"><strong data-start=\"1013\" data-end=\"1057\">Mantenimiento de las operaciones portuarias simult\u00e1neas: <\/strong>los muelles comerciales, los muelles de Poniente-Paraires y el espig\u00f3n occidental seguir\u00e1n operativos, evitando la congesti\u00f3n y asegurando una log\u00edstica eficiente para la carga y los pasajeros.<\/p>\n<\/li>\n<li class=\"\" data-start=\"1235\" data-end=\"1396\">\n<p class=\"\" data-start=\"1238\" data-end=\"1396\"><strong data-start=\"1238\" data-end=\"1302\">Concentraci\u00f3n de las operaciones de cruceros en el muelle de Poniente-Paraires:<\/strong> la centralizaci\u00f3n de la actividad crucerista permitir\u00e1 optimizar el flujo de turistas y mejorar la gesti\u00f3n de los buques.<\/p>\n<\/li>\n<li class=\"\" data-start=\"1398\" data-end=\"1599\">\n<p class=\"\" data-start=\"1401\" data-end=\"1599\"><strong data-start=\"1401\" data-end=\"1466\">Reubicaci\u00f3n de las actividades industriales al espig\u00f3n occidental:<\/strong> las operaciones de mantenimiento y reparaci\u00f3n de embarcaciones se trasladar\u00e1n gradualmente al espig\u00f3n occidental, liberando las zonas centrales del puerto para uso p\u00fablico.<\/p>\n<\/li>\n<li class=\"\" data-start=\"1601\" data-end=\"1852\">\n<p class=\"\" data-start=\"1604\" data-end=\"1852\"><strong data-start=\"1604\" data-end=\"1629\">Integraci\u00f3n puerto-ciudad:<\/strong> los espacios liberados \u2014especialmente frente a la Catedral y en el Contramuelle-Mollet\u2014 se destinar\u00e1n a iniciativas culturales, educativas y recreativas, fortaleciendo el v\u00ednculo entre la ciudad y su puerto.<\/p>\n<\/li>\n<\/ol>\n<p><img decoding=\"async\" src=\"https:\/\/www.lantimar.com\/wp-content\/uploads\/2026\/08\/WhatsApp-Image-2025-01-21-at-13.23.09-2-2.jpeg\"><img decoding=\"async\" src=\"https:\/\/www.lantimar.com\/wp-content\/uploads\/2026\/08\/WhatsApp-Image-2025-01-21-at-13.23.10-1-1.jpeg\"><img decoding=\"async\" src=\"https:\/\/www.lantimar.com\/wp-content\/uploads\/2026\/08\/WhatsApp-Image-2025-01-21-at-13.23.10-1-1.jpeg\"><img decoding=\"async\" src=\"https:\/\/www.lantimar.com\/wp-content\/uploads\/2026\/08\/WhatsApp-Image-2025-01-21-at-13.23.09-2-1-1-1.jpeg\"><\/p>\n<h2 class=\"\" data-start=\"1854\" data-end=\"1871\"><strong>Fases del proyecto<\/strong><\/h2>\n<p class=\"\" data-start=\"1873\" data-end=\"2016\">La ejecuci\u00f3n de este gran proyecto se divide en <strong data-start=\"1925\" data-end=\"1940\">cuatro fases<\/strong>, dise\u00f1adas para minimizar las interrupciones en las actividades portuarias y la vida cotidiana de la ciudad.<\/p>\n<ul data-start=\"2018\" data-end=\"2864\">\n<li class=\"\" data-start=\"2018\" data-end=\"2233\">\n<p class=\"\" data-start=\"2020\" data-end=\"2233\"><strong data-start=\"2020\" data-end=\"2072\">Fase 1: Desarrollo de la Ribera de San Carlos<\/strong><br \/>Los astilleros y empresas de reparaci\u00f3n (como Astilleros de Mallorca y STP) se trasladar\u00e1n al espig\u00f3n occidental, liberando espacio a lo largo del Passeig Sagrera.<\/p>\n<\/li>\n<li class=\"\" data-start=\"2235\" data-end=\"2428\">\n<p class=\"\" data-start=\"2237\" data-end=\"2428\"><strong data-start=\"2237\" data-end=\"2312\">Phase 2: Construction of the Maritime Museum and New Fishermen\u2019s Market<\/strong><br \/>These new cultural and traditional spaces will enrich Palma\u2019s offerings while preserving its maritime heritage.<\/p>\n<\/li>\n<li class=\"\" data-start=\"2430\" data-end=\"2653\">\n<p class=\"\" data-start=\"2432\" data-end=\"2653\"><strong data-start=\"2432\" data-end=\"2480\">Fase 3: Ampliaci\u00f3n del espig\u00f3n occidental<\/strong><br \/>El espig\u00f3n se ampliar\u00e1 para albergar las operaciones actualmente ubicadas en los muelles comerciales y el astillero, liberando m\u00e1s de <strong data-start=\"2612\" data-end=\"2637\">100.000 metros cuadrados<\/strong> para uso p\u00fablico.<\/p>\n<\/li>\n<li class=\"\" data-start=\"2655\" data-end=\"2864\">\n<p class=\"\" data-start=\"2657\" data-end=\"2864\"><strong data-start=\"2657\" data-end=\"2708\">Fase 4: Transformaci\u00f3n de los muelles comerciales<\/strong><br \/>Los antiguos muelles comerciales se convertir\u00e1n en espacios verdes, zonas de ocio y nuevos recorridos para el acceso directo al mar, tanto para residentes como para visitantes.<\/p>\n<\/li>\n<\/ul>\n<p class=\"\" data-start=\"2866\" data-end=\"2993\"><strong data-start=\"2866\" data-end=\"2932\">Se espera que todas las fases se completen de manera progresiva para 2026,<\/strong> con solapamientos estrat\u00e9gicos que permitan acelerar el cronograma del proyecto.<\/p>\n<p class=\"\" data-start=\"3036\" data-end=\"3506\">El <strong data-start=\"3040\" data-end=\"3071\">nuevo Paseo Mar\u00edtimo de Palma<\/strong> reimagina el frente costero de la ciudad, incorporando m\u00e1s de <strong data-start=\"3126\" data-end=\"3165\">81.000 metros cuadrados <\/strong>de zonas verdes y casi <strong data-start=\"3177\" data-end=\"3217\">2 kil\u00f3metros de carriles bici exclusivos<\/strong>. La calzada se reducir\u00e1 a un solo carril por sentido para priorizar a los peatones, creando un boulevard vibrante y accesible junto al mar, con zonas sombreadas, \u00e1reas de descanso y nuevas opciones gastron\u00f3micas. Se trata de un firme compromiso con la movilidad sostenible y la mejora de la vida urbana. <\/p>\n<hr class=\"\" data-start=\"3889\" data-end=\"3892\">\n<p class=\"\" data-start=\"3894\" data-end=\"4135\">En <strong data-start=\"3897\" data-end=\"3909\">Lantimar<\/strong> celebramos este hito hist\u00f3rico. Con nuestra amplia experiencia en la gesti\u00f3n de superyates y servicios mar\u00edtimos, reconocemos plenamente el valor de contar con una infraestructura moderna y sostenible que satisfaga las exigencias del sector. <\/p>\n<p class=\"\" data-start=\"4137\" data-end=\"4485\">El <strong data-start=\"4141\" data-end=\"4162\">Nuevo Puerto de Palma<\/strong> no solo impulsar\u00e1 el crecimiento econ\u00f3mico local y fortalecer\u00e1 el sector n\u00e1utico, sino que tambi\u00e9n posicionar\u00e1 a la ciudad como un referente mundial en innovaci\u00f3n, sostenibilidad y excelencia mar\u00edtima.<br \/>Adem\u00e1s, reforzar\u00e1 <strong data-start=\"4371\" data-end=\"4436\">la candidatura de Palma para convertirse en Capital Europea de la Cultura 2031<\/strong>, elevando a\u00fan m\u00e1s su proyecci\u00f3n internacional.<\/p>\n","protected":false},"excerpt":{"rendered":"<p>Un futuro de excelencia n\u00e1utica y desarrollo sostenible Palma de Mallorca est\u00e1 experimentando una gran transformaci\u00f3n urbana con la completa [&hellip;]<\/p>\n","protected":false},"author":1,"featured_media":1041,"comment_status":"closed","ping_status":"closed","sticky":false,"template":"","format":"standard","meta":{"site-sidebar-layout":"default","site-content-layout":"","ast-site-content-layout":"default","site-content-style":"default","site-sidebar-style":"default","ast-global-header-display":"","ast-banner-title-visibility":"","ast-main-header-display":"","ast-hfb-above-header-display":"","ast-hfb-below-header-display":"","ast-hfb-mobile-header-display":"","site-post-title":"","ast-breadcrumbs-content":"","ast-featured-img":"","footer-sml-layout":"","ast-disable-related-posts":"","theme-transparent-header-meta":"","adv-header-id-meta":"","stick-header-meta":"","header-above-stick-meta":"","header-main-stick-meta":"","header-below-stick-meta":"","astra-migrate-meta-layouts":"default","ast-page-background-enabled":"default","ast-page-background-meta":{"desktop":{"background-color":"var(--ast-global-color-5)","background-image":"","background-repeat":"repeat","background-position":"center center","background-size":"auto","background-attachment":"scroll","background-type":"","background-media":"","overlay-type":"","overlay-color":"","overlay-opacity":"","overlay-gradient":""},"tablet":{"background-color":"","background-image":"","background-repeat":"repeat","background-position":"center center","background-size":"auto","background-attachment":"scroll","background-type":"","background-media":"","overlay-type":"","overlay-color":"","overlay-opacity":"","overlay-gradient":""},"mobile":{"background-color":"","background-image":"","background-repeat":"repeat","background-position":"center center","background-size":"auto","background-attachment":"scroll","background-type":"","background-media":"","overlay-type":"","overlay-color":"","overlay-opacity":"","overlay-gradient":""}},"ast-content-background-meta":{"desktop":{"background-color":"var(--ast-global-color-4)","background-image":"","background-repeat":"repeat","background-position":"center center","background-size":"auto","background-attachment":"scroll","background-type":"","background-media":"","overlay-type":"","overlay-color":"","overlay-opacity":"","overlay-gradient":""},"tablet":{"background-color":"var(--ast-global-color-4)","background-image":"","background-repeat":"repeat","background-position":"center center","background-size":"auto","background-attachment":"scroll","background-type":"","background-media":"","overlay-type":"","overlay-color":"","overlay-opacity":"","overlay-gradient":""},"mobile":{"background-color":"var(--ast-global-color-4)","background-image":"","background-repeat":"repeat","background-position":"center center","background-size":"auto","background-attachment":"scroll","background-type":"","background-media":"","overlay-type":"","overlay-color":"","overlay-opacity":"","overlay-gradient":""}},"wds_primary_category":0,"footnotes":""},"categories":[30],"tags":[],"class_list":["post-1075","post","type-post","status-publish","format-standard","has-post-thumbnail","hentry","category-sin-categorizar"],"_links":{"self":[{"href":"https:\/\/www.lantimar.com\/es\/wp-json\/wp\/v2\/posts\/1075","targetHints":{"allow":["GET"]}}],"collection":[{"href":"https:\/\/www.lantimar.com\/es\/wp-json\/wp\/v2\/posts"}],"about":[{"href":"https:\/\/www.lantimar.com\/es\/wp-json\/wp\/v2\/types\/post"}],"author":[{"embeddable":true,"href":"https:\/\/www.lantimar.com\/es\/wp-json\/wp\/v2\/users\/1"}],"replies":[{"embeddable":true,"href":"https:\/\/www.lantimar.com\/es\/wp-json\/wp\/v2\/comments?post=1075"}],"version-history":[{"count":0,"href":"https:\/\/www.lantimar.com\/es\/wp-json\/wp\/v2\/posts\/1075\/revisions"}],"wp:featuredmedia":[{"embeddable":true,"href":"https:\/\/www.lantimar.com\/es\/wp-json\/wp\/v2\/media\/1041"}],"wp:attachment":[{"href":"https:\/\/www.lantimar.com\/es\/wp-json\/wp\/v2\/media?parent=1075"}],"wp:term":[{"taxonomy":"category","embeddable":true,"href":"https:\/\/www.lantimar.com\/es\/wp-json\/wp\/v2\/categories?post=1075"},{"taxonomy":"post_tag","embeddable":true,"href":"https:\/\/www.lantimar.com\/es\/wp-json\/wp\/v2\/tags?post=1075"}],"curies":[{"name":"wp","href":"https:\/\/api.w.org\/{rel}","templated":true}]}}